[
    {
        "titulo": "LEVANTAMENTO DE DADOS",
        "descricao": "Turismo",
        "datapublicacao": "07\/02\/2025",
        "url": "https:\/\/dom.codo.ma.gov.br\/uploads\/PDF\/2025\/02\/levantamento-de-dado-1947.pdf"
    },
    {
        "titulo": "LISTAGEM DE ALUNOS SORTEADOS PARA NOVAS VAGAS DA EDUCA\u00c7\u00c3O INFANTIL",
        "descricao": "EDITAL N\u00ba 01\/2025-GAB\/SEMECTI ",
        "datapublicacao": "23\/01\/2025",
        "url": "https:\/\/dom.codo.ma.gov.br\/uploads\/PDF\/2025\/01\/listagem-de-alunos-s-1945.pdf"
    },
    {
        "titulo": "EDITAL N\u00ba 02\/2025-GAB\/SEMECTI",
        "descricao": "PROCESSO SELETIVO SIMPLIFICAD DO MAGIST\u00c9RIO MUNICIPAL",
        "datapublicacao": "14\/01\/2025",
        "url": "https:\/\/dom.codo.ma.gov.br\/uploads\/PDF\/2025\/01\/edital-n-02-2025-g-1942.pdf"
    },
    {
        "titulo": "RETIFICA\u00c7\u00c3O N\u00ba 01 DO EDITAL N\u00ba 02\/2025 \u2013 GAB\/SEMECTI",
        "descricao": "PROCESSO SELETIVO SIMPLIFICAD DO MAGIST\u00c9RIO MUNICIPAL",
        "datapublicacao": "14\/01\/2025",
        "url": "https:\/\/dom.codo.ma.gov.br\/uploads\/PDF\/2025\/01\/retificacao-n-01-1943.pdf"
    },
    {
        "titulo": "NOTA INFORMATIVA",
        "descricao": "Edital n\u00ba 01\/2025- GAB\/SEMECTI",
        "datapublicacao": "14\/01\/2025",
        "url": "https:\/\/dom.codo.ma.gov.br\/uploads\/PDF\/2025\/01\/nota-informativa-1944.pdf"
    },
    {
        "titulo": "EDITAL N\u00ba 01\/2025-GAB\/SEMECTI ",
        "descricao": "ESTABELECE NORMAS E PROCEDIMENTOS PARA O INGRESSO NA EDUCA\u00c7\u00c3O INFANTIL (CRECHE E PR\u00c9 ESCOLA) DA ZONA URBANA E ZONA RURAL PARA O ANO LETIVO DE 2025.",
        "datapublicacao": "02\/01\/2025",
        "url": "https:\/\/dom.codo.ma.gov.br\/uploads\/PDF\/2025\/01\/edital-n-01-2025-g-1940.pdf"
    },
    {
        "titulo": "Audi\u00eancia P\u00fablica \u2013 ",
        "descricao": "LOA \u000b20245",
        "datapublicacao": "01\/10\/2024",
        "url": "https:\/\/dom.codo.ma.gov.br\/uploads\/PDF\/2024\/10\/audiencia-publica-1912.pdf"
    },
    {
        "titulo": "AUDI\u00caNCIA P\u00daBLICA \u2013 Avalia\u00e7\u00e3o  das Metas Fiscais (LRF)",
        "descricao": "2\u00ba Quadrimestre 2024",
        "datapublicacao": "01\/10\/2024",
        "url": "https:\/\/dom.codo.ma.gov.br\/uploads\/PDF\/2024\/10\/audiencia-publica-1913.pdf"
    },
    {
        "titulo": "EDITAL DE CONVOCA\u00c7\u00c3O DA ASSEMBLEIA GERAL EXTRAORDINARIA",
        "descricao": "Eleger a Comiss\u00e3o de Representantes do Empreendimento (CRE), referente ao programa Minha Casa, Minha Vida (MCMV-RURAL)",
        "datapublicacao": "30\/07\/2024",
        "url": "https:\/\/dom.codo.ma.gov.br\/uploads\/PDF\/2024\/12\/edital-de-convocac-1927.pdf"
    },
    {
        "titulo": "EDITAL DE CONVOCA\u00c7\u00c3O DA ASSEMBLEIA GERAL EXTRAORDINARIA",
        "descricao": "Eleger a Comiss\u00e3o de Representantes do Empreendimento (CRE), referente ao programa Minha Casa, Minha Vida (MCMVRURAL)",
        "datapublicacao": "30\/07\/2024",
        "url": "https:\/\/dom.codo.ma.gov.br\/uploads\/PDF\/2024\/12\/edital-de-convocac-1928.pdf"
    },
    {
        "titulo": "Edital",
        "descricao": " de Convoca\u00e7\u00e3o para Elei\u00e7\u00e3o do Conselho Municipal dos Direitos da Mulher de Codo",
        "datapublicacao": "25\/04\/2024",
        "url": "https:\/\/dom.codo.ma.gov.br\/uploads\/PDF\/2024\/04\/edital-1899.pdf"
    },
    {
        "titulo": "PLANO SETORIAL DE \u00c1GUA E ESGOTO",
        "descricao": " ",
        "datapublicacao": "28\/02\/2024",
        "url": "https:\/\/dom.codo.ma.gov.br\/uploads\/PDF\/2024\/02\/plano-setorial-de-a-1892.pdf"
    },
    {
        "titulo": "EDITAL N\u00ba 002\/2024 - GAB\/SEMECTI",
        "descricao": "SELE\u00c7\u00c3O SIMPLIFICADA INTERNA DE ESTUDANTES PARA OS CLUBINHOS DE ROB\u00d3TICA DE COD\u00d3-MA ANO LETIVO 2024.",
        "datapublicacao": "27\/02\/2024",
        "url": "https:\/\/dom.codo.ma.gov.br\/uploads\/PDF\/2024\/02\/edital-n-002-2024-1889.pdf"
    },
    {
        "titulo": "EDITAL N\u00ba 01\/2024-GAB\/SEMECTI",
        "descricao": "PROCESSO DE SELE\u00c7\u00c3O P\u00daBLICA SIMPLIFICADO DO MAGIST\u00c9RIO MUNICIPAL, conforme DECRETO MUNICIPAL N\u00b04.439 DE 02 DE JANEIRO DE 2024,",
        "datapublicacao": "04\/01\/2024",
        "url": "https:\/\/dom.codo.ma.gov.br\/uploads\/PDF\/2024\/01\/edital-n-01-2024-g-1860.pdf"
    },
    {
        "titulo": "Plano municipal de saneamento b\u00e1sico de Cod\u00f3",
        "descricao": "Plano municipal de saneamento b\u00e1sico de CD",
        "datapublicacao": "08\/12\/2023",
        "url": "https:\/\/dom.codo.ma.gov.br\/uploads\/PDF\/2023\/12\/plano-municipal-de-s-1852.pdf"
    },
    {
        "titulo": "Edital Ecim CNB 2023-1",
        "descricao": "Escola C\u00edvico-Militar Codoense abre edital com vagas para alunos ingressantes em 2024",
        "datapublicacao": "08\/12\/2023",
        "url": "https:\/\/dom.codo.ma.gov.br\/uploads\/PDF\/2023\/12\/edital-ecim-cnb-2023-1853.pdf"
    },
    {
        "titulo": "Termo de Compromisso 01\/2023",
        "descricao": "Termo de compromisso que fazem entre si o MUNIC\u00cdPIO DE COD\u00d3\/MA e a empresa RESIDENCIAL BEIRA RIO -SPE LTDA",
        "datapublicacao": "29\/09\/2023",
        "url": "https:\/\/dom.codo.ma.gov.br\/uploads\/PDF\/2023\/09\/termo-de-compromisso-1827.pdf"
    },
    {
        "titulo": "EDITAL 04\/2023",
        "descricao": "EDITAL DE CONVOCA\u00c7\u00c3O PARA ELEI\u00c7\u00c3O COMPLEMENTAR DE REPRESENTATES DA SOCIEDADE CIVIL. ",
        "datapublicacao": "14\/09\/2023",
        "url": "https:\/\/dom.codo.ma.gov.br\/uploads\/PDF\/2023\/09\/edital-04-2023-1815.pdf"
    },
    {
        "titulo": "Resolu\u00e7\u00e3o n\u00ba 16\/2023",
        "descricao": "Disp\u00f5e sobre a aprova\u00e7\u00e3o da Resolu\u00e7\u00e3o CMDCA n\u00ba 16 de 14 de setembro de 2023, que disp\u00f5e sobre a Convoca\u00e7\u00e3o para Elei\u00e7\u00e3o Complementar de representantes da Sociedade Civil no Conselho Municipal dos Direitos da Crian\u00e7a e do Adolescente",
        "datapublicacao": "14\/09\/2023",
        "url": "https:\/\/dom.codo.ma.gov.br\/uploads\/PDF\/2023\/09\/resolucao-n-16-2-1819.pdf"
    },
    {
        "titulo": "Edital",
        "descricao": "Edital Convocat\u00f3rio do F\u00f3rum Eleitoral das Organiza\u00e7\u00f5es da Sociedade Civil para compor o Conselho Municipal dos Direitos da Pessoa Idosa do Munic\u00edpio de Cod\u00f3",
        "datapublicacao": "11\/09\/2023",
        "url": "https:\/\/dom.codo.ma.gov.br\/uploads\/PDF\/2023\/09\/edital-1814.pdf"
    },
    {
        "titulo": "LISTA DOS INSCRITOS PARA O PROCESSO SELETIVO DO PR\u00c9\u2013UNIVERSIT\u00c1RIO CODOENSE ",
        "descricao": "2023",
        "datapublicacao": "09\/08\/2023",
        "url": "https:\/\/dom.codo.ma.gov.br\/uploads\/PDF\/2023\/08\/lista-dos-inscritos-1764.pdf"
    },
    {
        "titulo": "Resolu\u00e7\u00e3o 04\/2023",
        "descricao": "Disp\u00f5e sobre a Cria\u00e7\u00e3o das Subcomiss\u00f5es de Organiza\u00e7\u00e3o da II Conferencia Municipal dos Direitos da Pessoa com Defici\u00eancia e d\u00e1 outras provid\u00eancias",
        "datapublicacao": "03\/08\/2023",
        "url": "https:\/\/dom.codo.ma.gov.br\/uploads\/PDF\/2023\/08\/resolucao-04-2023-1739.pdf"
    },
    {
        "titulo": "Resolu\u00e7\u00e3o 03\/2023",
        "descricao": "Disp\u00f5e sobre a Convoca\u00e7\u00e3o da 2\u00aa Conferencia Municipal dos Direitos da Pessoa com Defici\u00eancia e d\u00e1 outras provid\u00eancias",
        "datapublicacao": "03\/08\/2023",
        "url": "https:\/\/dom.codo.ma.gov.br\/uploads\/PDF\/2023\/08\/resolucao-03-2023-1740.pdf"
    },
    {
        "titulo": "Resolu\u00e7\u00e3o n\u00ba 09\/2023",
        "descricao": "Disp\u00f5e sobre a publica\u00e7\u00e3o da rela\u00e7\u00e3o de candidatos deferidos e indeferidos para o processo de escolha de membros do Conselho Tutelar",
        "datapublicacao": "02\/06\/2023",
        "url": "https:\/\/dom.codo.ma.gov.br\/uploads\/PDF\/2023\/06\/resolucao-n-09-2-1703.pdf"
    },
    {
        "titulo": "LISTA DE PR\u00c9-CANDIDATOS",
        "descricao": "INSCRITOS PARA O PROCESSO DE ESCOLHA DE MEMBROS DO CONSELHO TUTELAR DE COD\u00d3 \u2013 ELEI\u00c7\u00d5ES 2023",
        "datapublicacao": "09\/05\/2023",
        "url": "https:\/\/dom.codo.ma.gov.br\/uploads\/PDF\/2023\/05\/lista-de-pre-candid-1588.pdf"
    },
    {
        "titulo": "Resolu\u00e7\u00e3o 11\/2023",
        "descricao": "Disp\u00f5e sobre a convoca\u00e7\u00e3o para a realiza\u00e7\u00e3o da 12\u00aa Conferencia Municipal de Assist\u00eancia Social",
        "datapublicacao": "09\/05\/2023",
        "url": "https:\/\/dom.codo.ma.gov.br\/uploads\/PDF\/2023\/05\/reslucao-11-2023-1678.pdf"
    },
    {
        "titulo": "Resolu\u00e7\u00e3o 12\/2023",
        "descricao": "Disp\u00f5e sobre a cria\u00e7\u00e3o da Comiss\u00e3o Organiza\u00e7\u00e3o da 12\u00aa Conferencia Municipal de Assist\u00eancia Social",
        "datapublicacao": "09\/05\/2023",
        "url": "https:\/\/dom.codo.ma.gov.br\/uploads\/PDF\/2023\/05\/resolucao-12-2023-1679.pdf"
    },
    {
        "titulo": "Resolu\u00e7\u00e3o do Conselho Municipal dos Direitos da Crian\u00e7a e do Adolescente n\u00b0 07 de 04 de maio de 2023 \u2010",
        "descricao": "Prorroga\u00e7\u00e3o de inscri\u00e7\u00f5es no Processo de Escolha de membros do Conselho Tutelar<br>",
        "datapublicacao": "04\/05\/2023",
        "url": "https:\/\/dom.codo.ma.gov.br\/uploads\/PDF\/2023\/05\/resolucao-n-07-2-1586.pdf"
    },
    {
        "titulo": "Edital n\u00ba 02\/2023",
        "descricao": "Abre inscri\u00e7\u00f5es para o processo de escolha dos membros do Conselho Tutelar de Cod\u00f3, no Estado do Maranh\u00e3o",
        "datapublicacao": "05\/04\/2023",
        "url": "https:\/\/dom.codo.ma.gov.br\/uploads\/PDF\/2023\/04\/edital-n-02-2023-1568.pdf"
    },
    {
        "titulo": "Edital n\u00ba 01\/2023",
        "descricao": "Edital de Elei\u00e7\u00e3o da Sociedade Civil para composi\u00e7\u00e3o de Mandato do CMAS Bi\u00eanio 2023 a 2025",
        "datapublicacao": "04\/04\/2023",
        "url": "https:\/\/dom.codo.ma.gov.br\/uploads\/PDF\/2023\/04\/edital-n-01-2023-1569.pdf"
    },
    {
        "titulo": "Resolu\u00e7\u00e3o n\u00ba 05\/2023",
        "descricao": "Institui a Comiss\u00e3o Especial para o processo de escolha dos membros do Conselho Tutelar do Munic\u00edpio de Cod\u00f3.",
        "datapublicacao": "27\/03\/2023",
        "url": "https:\/\/dom.codo.ma.gov.br\/uploads\/PDF\/2023\/03\/resolucao-n-05-2-1562.pdf"
    },
    {
        "titulo": "Ata de Reuni\u00e3o Extraordin\u00e1ria do Conselho Municipal do Fundeb de Cod\u00f3(MA),",
        "descricao": "para posse dos novos conselheiros e elei\u00e7\u00e3o do(a) Presidente e Vice-Presidente do Colegiado para o Quadri\u00eanio 2023 a 2026 ",
        "datapublicacao": "24\/03\/2023",
        "url": "https:\/\/dom.codo.ma.gov.br\/uploads\/PDF\/2023\/03\/ata-de-reuniao-extr-1561.pdf"
    },
    {
        "titulo": "Edital de Convoca\u00e7\u00e3o",
        "descricao": "Edital de Convoca\u00e7\u00e3o para escolha dos Representantes  dos Segmentos da Sociedade Civil Organizada no Conselho Municipal de Seguran\u00e7a Alimentar e Nutricional \u2013 COMSEA\/CODO-MA, Gest\u00e3o Bi\u00eanio 2023\/2025",
        "datapublicacao": "08\/03\/2023",
        "url": "https:\/\/dom.codo.ma.gov.br\/uploads\/PDF\/2023\/03\/edital-de-convocac-1529.pdf"
    },
    {
        "titulo": "Edital 01\/2023",
        "descricao": "ELEI\u00c7\u00c3O DA SOCIEDADE CIVIL ORGANIZADA PARA COMPOR O CONSELHO MUNICIPAL DOS DIREITOS DA CRIAN\u00c7A E DO ADOLESCENTE DE CODO MA",
        "datapublicacao": "14\/02\/2023",
        "url": "https:\/\/dom.codo.ma.gov.br\/uploads\/PDF\/2023\/02\/edital-01-2023-1510.pdf"
    },
    {
        "titulo": "CONVOCA\u00c7\u00c3O DO CADASTRO DE RESERVA",
        "descricao": " APTOS PARA AS MATR\u00cdCULAS, CONFORME ITEM 4.3 DO EDITAL N\u00ba 001\/2023 DA ESCOLA C\u00cdVICO-MILITAR CODOENSE NAGIB BUZAR.",
        "datapublicacao": "31\/01\/2023",
        "url": "https:\/\/dom.codo.ma.gov.br\/uploads\/PDF\/2023\/01\/convocacao-do-cada-1482.pdf"
    },
    {
        "titulo": "Comunicado 01\/2023",
        "descricao": "Feriado Municipal ",
        "datapublicacao": "16\/01\/2023",
        "url": "https:\/\/dom.codo.ma.gov.br\/uploads\/PDF\/2023\/01\/comunicado-01-2023-1470.pdf"
    },
    {
        "titulo": "Resultado",
        "descricao": "Aptos ",
        "datapublicacao": "13\/01\/2023",
        "url": "https:\/\/dom.codo.ma.gov.br\/uploads\/PDF\/2023\/01\/resultado-1468.pdf"
    },
    {
        "titulo": "RELAT\u00d3RIO ANUAL DE GEST\u00c3O",
        "descricao": "2022",
        "datapublicacao": "01\/01\/2023",
        "url": "https:\/\/dom.codo.ma.gov.br\/uploads\/PDF\/2023\/07\/relatorio-anual-de-1734.pdf"
    },
    {
        "titulo": "Oficio  n\u00ba 3150\/2022",
        "descricao": "Indica\u00e7ao de membros para CACS\/FUNDEB",
        "datapublicacao": "29\/12\/2022",
        "url": "https:\/\/dom.codo.ma.gov.br\/uploads\/PDF\/2023\/03\/oficio-n-3150-202-1560.pdf"
    },
    {
        "titulo": "Rol de Documentos Classificados em Grau de Sigilo",
        "descricao": " ",
        "datapublicacao": "30\/11\/2022",
        "url": "https:\/\/dom.codo.ma.gov.br\/uploads\/PDF\/2022\/12\/rol-de-documentos-1431.pdf"
    },
    {
        "titulo": "Rol das Informa\u00e7\u00f5es com sigilo desclassificadas",
        "descricao": " ",
        "datapublicacao": "30\/11\/2022",
        "url": "https:\/\/dom.codo.ma.gov.br\/uploads\/PDF\/2022\/12\/rol-das-informacoe-1432.pdf"
    },
    {
        "titulo": "Parecer Pr\u00e9vio ",
        "descricao": "Presta\u00e7\u00e3o de contas anual de governo 2017",
        "datapublicacao": "24\/11\/2022",
        "url": "https:\/\/dom.codo.ma.gov.br\/uploads\/PDF\/2022\/12\/parecer-previo-1427.pdf"
    },
    {
        "titulo": "RELAT\u00d3RIO DE ATIVIDADES DA PROCURADORIA GERAL DO MUNIC\u00cdPIO DE COD\u00d3",
        "descricao": "O presente relat\u00f3rio apresenta de forma sint\u00e9tica as atividades desenvolvidas pela Procuradoria Geral do Munic\u00edpio-PGM, durante o per\u00edodo de 02 de maio at\u00e9 31 de agosto de 2022, destinadas ao aprimoramento deste \u00f3rg\u00e3o e da gest\u00e3o p\u00fablica municipal.",
        "datapublicacao": "05\/10\/2022",
        "url": "https:\/\/dom.codo.ma.gov.br\/uploads\/PDF\/2022\/11\/relatorio-de-ativid-1419.pdf"
    },
    {
        "titulo": "Plano Municipal de Sa\u00fade",
        "descricao": "2022-2025",
        "datapublicacao": "01\/10\/2022",
        "url": "https:\/\/dom.codo.ma.gov.br\/uploads\/PDF\/2023\/07\/plano-municipal-de-s-1733.pdf"
    },
    {
        "titulo": "Parecer Pr\u00e9vio",
        "descricao": "Presta\u00e7\u00e3o de Contas Anual de Governo 2019",
        "datapublicacao": "16\/08\/2022",
        "url": "https:\/\/dom.codo.ma.gov.br\/uploads\/PDF\/2022\/12\/parecer-previo-1430.pdf"
    },
    {
        "titulo": "RELAT\u00d3RIO DE ATIVIDADES DA PROCURADORIA GERAL DO MUNIC\u00cdPIO DE COD\u00d3 ",
        "descricao": "O presente relat\u00f3rio apresenta de forma sint\u00e9tica as atividades desenvolvidas pela Procuradoria Geral do Munic\u00edpio-PGM, durante o per\u00edodo de 03 de janeiro at\u00e9 30 de abril de 2022, destinadas ao aprimoramento deste \u00f3rg\u00e3o e da gest\u00e3o p\u00fablica municipal.",
        "datapublicacao": "04\/05\/2022",
        "url": "https:\/\/dom.codo.ma.gov.br\/uploads\/PDF\/2022\/06\/relatorio-de-ativid-1185.pdf"
    },
    {
        "titulo": "Edital de Convoca\u00e7\u00e3o",
        "descricao": "Edital de Convonca\u00e7\u00e3o para elei\u00e7\u00e3o do Conselho Municipal de Direitos da Mulher de Cod\u00f3",
        "datapublicacao": "28\/04\/2022",
        "url": "https:\/\/dom.codo.ma.gov.br\/uploads\/PDF\/2022\/04\/edital-de-convocac-1080.pdf"
    },
    {
        "titulo": "Resolu\u00e7\u00e3o n\u00ba 01\/2022",
        "descricao": "O Conselho Municipal dos Direitos da Mulher de Cod\u00f3 Maranh\u00e3o (CMDM), no uso de suas atribui\u00e7\u00f5es legais, conferidas na Lei de n\u00ba 1333 de 05 de maio de 2004, cria a Comiss\u00e3o de Organiza\u00e7\u00e3o do F\u00f3rum Eleitoral das Entidades da Sociedade Civil, elabora e Aprova o Edital de Convoca\u00e7\u00e3o para elei\u00e7\u00e3o do Conselho Municipal dos Direitos da Mulher",
        "datapublicacao": "28\/04\/2022",
        "url": "https:\/\/dom.codo.ma.gov.br\/uploads\/PDF\/2022\/04\/resolucao-n-01-2-1081.pdf"
    },
    {
        "titulo": "RELAT\u00d3RIO DE ATIVIDADES DA PROCURADORIA GERAL DO MUNIC\u00cdPIO DE COD\u00d3 ",
        "descricao": "O presente relat\u00f3rio apresenta de forma sint\u00e9tica as atividades desenvolvidas pela Procuradoria Geral do Munic\u00edpio-PGM, durante o per\u00edodo de 01 de setembro at\u00e9 30 de dezembro de 2021, destinadas ao aprimoramento deste \u00f3rg\u00e3o e da gest\u00e3o p\u00fablica municipal.",
        "datapublicacao": "25\/01\/2022",
        "url": "https:\/\/dom.codo.ma.gov.br\/uploads\/PDF\/2022\/06\/relatorio-de-ativid-1186.pdf"
    },
    {
        "titulo": "COMUNICADO N\u00ba 004\/2021",
        "descricao": "dia 30 de novembro de 2021 - ter\u00e7a-feira - ser\u00e1 Feriado Municipal, alusivo ao dia municipal do evang\u00e9lico",
        "datapublicacao": "22\/11\/2021",
        "url": "https:\/\/dom.codo.ma.gov.br\/uploads\/PDF\/2021\/11\/comunicado-n-004-2-968.pdf"
    },
    {
        "titulo": "DISPENSA DE LICENCIAMENTO AMBIENTAL",
        "descricao": "MARTINHO CANTANHEDE DE JESUS, A. B. DOS SANTOS EIRELI,V Q OLIVEIRA LTDA",
        "datapublicacao": "03\/11\/2021",
        "url": "https:\/\/dom.codo.ma.gov.br\/uploads\/PDF\/2021\/11\/dispensa-de-licencia-964.pdf"
    },
    {
        "titulo": "LICEN\u00c7A DE OPERA\u00c7\u00c3O",
        "descricao": "OI MOVEL S.A,",
        "datapublicacao": "03\/11\/2021",
        "url": "https:\/\/dom.codo.ma.gov.br\/uploads\/PDF\/2021\/11\/licenca-de-operac-965.pdf"
    },
    {
        "titulo": "RENOVA\u00c7\u00c3O DE LICEN\u00c7A DE OPERA\u00c7\u00c3O",
        "descricao": "REVENDEDORA DE GAS BUTANO SAO JOSE, POSTO DEUS E GRANDE,  POSTO COBEL, OLIVERPLAST, AZULGAS, POSTO BOM PASTOR, FC COMBUSTIVEIS, CN MOTOS, RAD IMAGEM, IBRAHIM DUAILIBE",
        "datapublicacao": "05\/10\/2021",
        "url": "https:\/\/dom.codo.ma.gov.br\/uploads\/PDF\/2021\/11\/renovacao-de-licen-963.pdf"
    },
    {
        "titulo": "ATA AUDI\u00caNCIA P\u00daBLICA \u2013 Avalia\u00e7\u00e3o  das Metas Fiscais (LRF)",
        "descricao": "2\u00ba Quadrimestre 2021",
        "datapublicacao": "29\/09\/2021",
        "url": "https:\/\/dom.codo.ma.gov.br\/uploads\/PDF\/2021\/10\/ata-audiencia-publ-924.pdf"
    },
    {
        "titulo": "LICEN\u00c7A PR\u00c9VIA",
        "descricao": "Auto Posto Pov\u00e3o, POSTO NACIONAL",
        "datapublicacao": "24\/09\/2021",
        "url": "https:\/\/dom.codo.ma.gov.br\/uploads\/PDF\/2021\/11\/licenca-previa-955.pdf"
    },
    {
        "titulo": "Lei n\u00ba 1904\/2021",
        "descricao": "Disp\u00f5e sobre a altera\u00e7\u00e3o e a cria\u00e7\u00e3o da estrutura dos \u00f3rg\u00e3os do Poder Executivo do Munic\u00edpio de Cod\u00f3",
        "datapublicacao": "23\/09\/2021",
        "url": "https:\/\/dom.codo.ma.gov.br\/uploads\/PDF\/2021\/09\/lei-n-1904-918.pdf"
    },
    {
        "titulo": "ANEXO I LEi 1904\/2021",
        "descricao": " TABELA DE CARGOS EM COMISS\u00c3O  IDENTIFICA\u00c7\u00c3O, SIMBOLOGIA E QUANTITATIVO ",
        "datapublicacao": "23\/09\/2021",
        "url": "https:\/\/dom.codo.ma.gov.br\/uploads\/PDF\/2021\/09\/anexo-i-lei-1904-202-919.pdf"
    },
    {
        "titulo": "Lei n\u00ba 1905\/2021",
        "descricao": "Disp\u00f5e sobre a altera\u00e7\u00e3o e a cria\u00e7\u00e3o da estrutura organizacional do SAAE, suas atribui\u00e7\u00f5e, dos cargos comissionados e suas respectivas remunera\u00e7\u00f5es",
        "datapublicacao": "23\/09\/2021",
        "url": "https:\/\/dom.codo.ma.gov.br\/uploads\/PDF\/2022\/01\/lei-n-1905-2021-920.pdf"
    },
    {
        "titulo": "Lei 1904\/2021",
        "descricao": "Estrutura Organizacional do Munic\u00edpio de Cod\u00f3",
        "datapublicacao": "23\/09\/2021",
        "url": "https:\/\/dom.codo.ma.gov.br\/uploads\/PDF\/2022\/01\/lei-1904-2021-967.pdf"
    },
    {
        "titulo": "Edital de Convoca\u00e7\u00e3o para ",
        "descricao": "o forum de Elei\u00e7\u00e3o das Organiza\u00e7\u00f5es da Sociedade Civil para compor o Conselho Municipal dos Direitos da pessoa Idosa do Municipio de Cod\u00f3-MA",
        "datapublicacao": "17\/09\/2021",
        "url": "https:\/\/dom.codo.ma.gov.br\/uploads\/PDF\/2021\/09\/edital-de-convocac-915.pdf"
    },
    {
        "titulo": "RELAT\u00d3RIO DE ATIVIDADES DA PROCURADORIA GERAL DO MUNIC\u00cdPIO DE COD\u00d3 ",
        "descricao": "O presente relat\u00f3rio apresenta de forma sint\u00e9tica as atividades desenvolvidas pela Procuradoria Geral do Munic\u00edpio-PGM, durante o per\u00edodo de 03 de maio at\u00e9 31 de agosto de 2021, destinadas ao aprimoramento deste \u00f3rg\u00e3o e da gest\u00e3o p\u00fablica municipal. ",
        "datapublicacao": "03\/09\/2021",
        "url": "https:\/\/dom.codo.ma.gov.br\/uploads\/PDF\/2021\/10\/relatorio-de-ativid-925.pdf"
    },
    {
        "titulo": "Rol das Informa\u00e7\u00f5es Desclassificadas",
        "descricao": " ",
        "datapublicacao": "25\/08\/2021",
        "url": "https:\/\/dom.codo.ma.gov.br\/uploads\/PDF\/2021\/08\/rol-das-informacoe-817.pdf"
    },
    {
        "titulo": "Rol de Documentos Classificados em Grau de Sigilo",
        "descricao": " ",
        "datapublicacao": "25\/08\/2021",
        "url": "https:\/\/dom.codo.ma.gov.br\/uploads\/PDF\/2021\/08\/rol-de-documentos-cl-818.pdf"
    },
    {
        "titulo": "EDITAL DE CONVOCA\u00c7\u00c3O N\u00ba 04\/2021",
        "descricao": "Convoca candidatos aprovados no Concurso P\u00fablico\/2020 e d\u00e1 outras provid\u00eancias. ",
        "datapublicacao": "20\/08\/2021",
        "url": "https:\/\/dom.codo.ma.gov.br\/uploads\/PDF\/2021\/08\/edital-de-convocac-819.pdf"
    },
    {
        "titulo": "ATA DE AUDI\u00caNCIA P\u00daBLICA Povoado Cajazeiras",
        "descricao": "APRESENTA\u00c7\u00c3O E DISCUSS\u00c3O DO PROJETO DE LEI OR\u00c7AMENT\u00c1RIA ANUAL \u2013 LOA DE 2022 DO MUNIC\u00cdPIO DE COD\u00d3-MARANH\u00c3O",
        "datapublicacao": "17\/08\/2021",
        "url": "https:\/\/dom.codo.ma.gov.br\/uploads\/PDF\/2021\/08\/ata-de-audiencia-p-800.pdf"
    },
    {
        "titulo": "ATA DE AUDI\u00caNCIA P\u00daBLICA C\u00e2mara Municipal de Cod\u00f3",
        "descricao": "APRESENTA\u00c7\u00c3O E DISCUSS\u00c3O DO PROJETO DE LEI OR\u00c7AMENT\u00c1RIA ANUAL \u2013 LOA DE 2022 DO MUNIC\u00cdPIO DE COD\u00d3-MARANH\u00c3O",
        "datapublicacao": "17\/08\/2021",
        "url": "https:\/\/dom.codo.ma.gov.br\/uploads\/PDF\/2021\/08\/ata-de-audiencia-p-801.pdf"
    },
    {
        "titulo": "ATA DE AUDI\u00caNCIA P\u00daBLICA Bairro S\u00e3o Francisco,",
        "descricao": "APRESENTA\u00c7\u00c3O E DISCUSS\u00c3O DO PROJETO DE LEI OR\u00c7AMENT\u00c1RIA ANUAL \u2013 LOA DE 2022 DO MUNIC\u00cdPIO DE COD\u00d3-MARANH\u00c3O",
        "datapublicacao": "17\/08\/2021",
        "url": "https:\/\/dom.codo.ma.gov.br\/uploads\/PDF\/2021\/08\/ata-de-audiencia-p-802.pdf"
    },
    {
        "titulo": "ATA DE AUDI\u00caNCIA P\u00daBLICA Bairro Santo Antonio",
        "descricao": "APRESENTA\u00c7\u00c3O E DISCUSS\u00c3O DO PROJETO DE LEI OR\u00c7AMENT\u00c1RIA ANUAL \u2013 LOA DE 2022 DO MUNIC\u00cdPIO DE COD\u00d3-MARANH\u00c3O",
        "datapublicacao": "17\/08\/2021",
        "url": "https:\/\/dom.codo.ma.gov.br\/uploads\/PDF\/2021\/08\/ata-de-audiencia-p-803.pdf"
    },
    {
        "titulo": "ATA DE AUDI\u00caNCIA P\u00daBLICA KM 17",
        "descricao": "APRESENTA\u00c7\u00c3O E DISCUSS\u00c3O DO PROJETO DE LEI OR\u00c7AMENT\u00c1RIA ANUAL \u2013 LOA DE 2022 DO MUNIC\u00cdPIO DE COD\u00d3-MARANH\u00c3O",
        "datapublicacao": "17\/08\/2021",
        "url": "https:\/\/dom.codo.ma.gov.br\/uploads\/PDF\/2021\/08\/ata-de-audiencia-p-804.pdf"
    },
    {
        "titulo": "ATA DE AUDI\u00caNCIA P\u00daBLICA Bairro S\u00e3o Raimundo,",
        "descricao": "APRESENTA\u00c7\u00c3O E DISCUSS\u00c3O DO PROJETO DE LEI OR\u00c7AMENT\u00c1RIA ANUAL \u2013 LOA DE 2022 DO MUNIC\u00cdPIO DE COD\u00d3-MARANH\u00c3O",
        "datapublicacao": "17\/08\/2021",
        "url": "https:\/\/dom.codo.ma.gov.br\/uploads\/PDF\/2021\/08\/ata-de-audiencia-p-805.pdf"
    },
    {
        "titulo": "ATA DE AUDI\u00caNCIA P\u00daBLICA Cod\u00f3 Novo",
        "descricao": "APRESENTA\u00c7\u00c3O E DISCUSS\u00c3O DO PROJETO DE LEI OR\u00c7AMENT\u00c1RIA ANUAL \u2013 LOA DE 2022 DO MUNIC\u00cdPIO DE COD\u00d3-MARANH\u00c3O",
        "datapublicacao": "17\/08\/2021",
        "url": "https:\/\/dom.codo.ma.gov.br\/uploads\/PDF\/2021\/08\/ata-de-audiencia-p-806.pdf"
    },
    {
        "titulo": "ATA DE AUDI\u00caNCIA P\u00daBLICA bairro Nova Jerusal\u00e9m",
        "descricao": " APRESENTA\u00c7\u00c3O E DISCUSS\u00c3O DO PROJETO DE LEI DO PLANO PLURIANUAL 2022 A 2025 DO MUNIC\u00cdPIO DE COD\u00d3-MARANH\u00c3O.",
        "datapublicacao": "17\/08\/2021",
        "url": "https:\/\/dom.codo.ma.gov.br\/uploads\/PDF\/2021\/08\/ata-de-audiencia-p-807.pdf"
    },
    {
        "titulo": "ATA DE AUDI\u00caNCIA P\u00daBLICA distrito de Cajazeiras",
        "descricao": "APRESENTA\u00c7\u00c3O E DISCUSS\u00c3O DO PROJETO DE LEI DO PLANO PLURIANUAL 2022 A 2025 DO MUNIC\u00cdPIO DE COD\u00d3-MARANH\u00c3O",
        "datapublicacao": "17\/08\/2021",
        "url": "https:\/\/dom.codo.ma.gov.br\/uploads\/PDF\/2021\/08\/ata-de-audiencia-p-808.pdf"
    },
    {
        "titulo": "ATA DE AUDI\u00caNCIA P\u00daBLICA bairro Cod\u00f3 Novo",
        "descricao": "APRESENTA\u00c7\u00c3O E DISCUSS\u00c3O DO PROJETO DE LEI DO PLANO PLURIANUAL 2022 A 2025 DO MUNIC\u00cdPIO DE COD\u00d3-MARANH\u00c3O.",
        "datapublicacao": "17\/08\/2021",
        "url": "https:\/\/dom.codo.ma.gov.br\/uploads\/PDF\/2021\/08\/ata-de-audiencia-p-809.pdf"
    },
    {
        "titulo": "ATA DE AUDI\u00caNCIA P\u00daBLICA  KM 17",
        "descricao": "APRESENTA\u00c7\u00c3O E DISCUSS\u00c3O DO PROJETO DE LEI DO PLANO PLURIANUAL 2022 A 2025 DO MUNIC\u00cdPIO DE COD\u00d3-MARANH\u00c3O",
        "datapublicacao": "17\/08\/2021",
        "url": "https:\/\/dom.codo.ma.gov.br\/uploads\/PDF\/2021\/08\/ata-de-audiencia-p-810.pdf"
    },
    {
        "titulo": "ATA DE AUDI\u00caNCIA P\u00daBLICA bairro S\u00e3o Francisco",
        "descricao": "APRESENTA\u00c7\u00c3O E DISCUSS\u00c3O DO PROJETO DE LEI DO PLANO PLURIANUAL 2022 A 2025 DO MUNIC\u00cdPIO DE COD\u00d3-MARANH\u00c3O",
        "datapublicacao": "17\/08\/2021",
        "url": "https:\/\/dom.codo.ma.gov.br\/uploads\/PDF\/2021\/08\/ata-de-audiencia-p-811.pdf"
    },
    {
        "titulo": "ATA DE AUDI\u00caNCIA P\u00daBLICA bairro S\u00e3o Raimundo",
        "descricao": "APRESENTA\u00c7\u00c3O E DISCUSS\u00c3O DO PROJETO DE LEI DO PLANO PLURIANUAL 2022 A 2025 DO MUNIC\u00cdPIO DE COD\u00d3-MARANH\u00c3O.",
        "datapublicacao": "17\/08\/2021",
        "url": "https:\/\/dom.codo.ma.gov.br\/uploads\/PDF\/2021\/08\/ata-de-audiencia-p-812.pdf"
    },
    {
        "titulo": "ATA DE AUDI\u00caNCIA P\u00daBLICA C\u00e2mara Municipal de Cod\u00f3",
        "descricao": "APRESENTA\u00c7\u00c3O E DISCUSS\u00c3O DO PROJETO DE LEI DO PLANO PLURIANUAL 2022 A 2025 DO MUNIC\u00cdPIO DE COD\u00d3-MARANH\u00c3O.",
        "datapublicacao": "17\/08\/2021",
        "url": "https:\/\/dom.codo.ma.gov.br\/uploads\/PDF\/2021\/08\/ata-de-audiencia-p-813.pdf"
    },
    {
        "titulo": "COMUNICADO N\u00ba 003\/2021- SMCC",
        "descricao": "dia  10 de agosto de 2021, ter\u00e7a-feira, \u00e9 Feriado Municipal, alusivo a Santa Rita e Santa Filomena, Padroeiras da cidade",
        "datapublicacao": "05\/08\/2021",
        "url": "https:\/\/dom.codo.ma.gov.br\/uploads\/PDF\/2021\/08\/comunicado-n-003-2-792.pdf"
    },
    {
        "titulo": "EDITAL N\u00ba 003\/2021-GAB\/SEMECTI",
        "descricao": "PROCESSO SELETIVO PARA GESTORES ESCOLARES DA REDE PUBLICA MUNICIPAL DO ENSINO COD\u00d3-MA PARA O BI\u00caNIO 2021\/2023",
        "datapublicacao": "04\/08\/2021",
        "url": "https:\/\/dom.codo.ma.gov.br\/uploads\/PDF\/2021\/08\/edital-n-003-2021-793.pdf"
    },
    {
        "titulo": "Instru\u00e7\u00e3o Normativa n\u00ba 01\/2021",
        "descricao": "Disciplina os procedimentos em casos de roubo, furto ou danos aos bens patrimoniais das Unidades da Administra\u00e7\u00e3o Municipal e estabelece as responsabilidades dos Gestores",
        "datapublicacao": "06\/07\/2021",
        "url": "https:\/\/dom.codo.ma.gov.br\/uploads\/PDF\/2021\/07\/instrucao-normativ-706.pdf"
    },
    {
        "titulo": "Ata de Reuni\u00e3o do Conselho Municipal da Cidade de Codo\u00f3",
        "descricao": "CCC",
        "datapublicacao": "09\/06\/2021",
        "url": "https:\/\/dom.codo.ma.gov.br\/uploads\/PDF\/2021\/09\/ata-de-reuniao-do-c-912.pdf"
    },
    {
        "titulo": "EDITAL DE CONVOCA\u00c7\u00c3O N\u00ba 03\/2021",
        "descricao": "Convoca candidatos aprovados no Concurso P\u00fablico\/2020 e d\u00e1 outras provid\u00eancias. ",
        "datapublicacao": "25\/05\/2021",
        "url": "https:\/\/dom.codo.ma.gov.br\/uploads\/PDF\/2021\/06\/edital-de-convocac-692.pdf"
    },
    {
        "titulo": "Edital de Convoca\u00e7\u00e3o 02\/2021",
        "descricao": "Convoca Candidatos Aprovados no concurso Publico e da outras provid\u00eancias",
        "datapublicacao": "07\/05\/2021",
        "url": "https:\/\/dom.codo.ma.gov.br\/uploads\/PDF\/2021\/05\/edital-de-convocac-654.pdf"
    },
    {
        "titulo": "EDITAL DE RETIFICA\u00c7\u00c3O n\u00b0 002\/2021",
        "descricao": "Retifica\u00e7\u00e3o do edital n\u00b0 001\/2021 que trata da Convoca\u00e7\u00e3o para o f\u00f3rum popular de reestrutura\u00e7\u00e3o e elei\u00e7\u00e3o do Conselho Municipal de Defesa do Meio Ambiente de Cod\u00f3\u2013MA.",
        "datapublicacao": "03\/05\/2021",
        "url": "https:\/\/dom.codo.ma.gov.br\/uploads\/PDF\/2021\/05\/edital-de-retificac-642.pdf"
    },
    {
        "titulo": "RELAT\u00d3RIO DE ATIVIDADES DA PROCURADORIA GERAL DO MUNIC\u00cdPIO DE COD\u00d3",
        "descricao": "O presente relat\u00f3rio apresenta de forma sint\u00e9tica as atividades desenvolvidas pela Procuradoria Geral do Munic\u00edpio-PGM, durante o per\u00edodo de 04 de janeiro at\u00e9 30 de abril de 2021, destinadas ao aprimoramento deste \u00f3rg\u00e3o e da gest\u00e3o p\u00fablica municipal. ",
        "datapublicacao": "03\/05\/2021",
        "url": "https:\/\/dom.codo.ma.gov.br\/uploads\/PDF\/2021\/05\/relatorio-de-ativid-661.pdf"
    },
    {
        "titulo": "Edital de Convoca\u00e7\u00e3o n\u00ba 01\/2021",
        "descricao": "Convoca candidatos aprovados no Concurso P\u00fablico\/2020 e d\u00e1 outras provid\u00eancias. ",
        "datapublicacao": "30\/04\/2021",
        "url": "https:\/\/dom.codo.ma.gov.br\/uploads\/PDF\/2021\/05\/edital-de-convocac-638.pdf"
    },
    {
        "titulo": "RESULTADO FINAL",
        "descricao": "CLUBINHO DE ROB\u00d3TICA 2021",
        "datapublicacao": "23\/04\/2021",
        "url": "https:\/\/dom.codo.ma.gov.br\/uploads\/PDF\/2021\/04\/resultado-final-605.pdf"
    },
    {
        "titulo": "TERMO DE NOTIFICA\u00c7\u00c3O DE RESCIS\u00c3O UNILATERAL DE CONTRATO-EMPRESA ADM M\u00c9DICA LTDA-ME",
        "descricao": "TERMO DE NOTIFICA\u00c7\u00c3O DE RESCIS\u00c3O DE CONTRATO ADMINISTRATIVO N\u00ba 20190289 E ADITIVO AO CONTRATO, REFENTE AO PROCESSO DE LICITA\u00c7\u00c3O CHAMADA P\u00daBLICA N\u00ba 01\/2019, QUE FAZ O MUNIC\u00cdPIO DE COD\u00d3-MA, CNPJ N\u00ba 06.104.863\/0001-95 E A EMPRESA ADM M\u00c9DICA LTDA-ME, CNPJ N\u00b0 10.359.277\/0001-69.",
        "datapublicacao": "20\/04\/2021",
        "url": "https:\/\/dom.codo.ma.gov.br\/uploads\/PDF\/2021\/05\/termo-de-notificac-641.pdf"
    },
    {
        "titulo": "EDITAL\/COMDEMA N\u00ba. 001\/2021",
        "descricao": "CONVOCA\u00c7\u00c3O PARA O F\u00d3RUM POPULAR DE REESTRUTURA\u00c7\u00c3O E ELEI\u00c7\u00c3O DO CONSELHO MUNICIPAL DE DEFESA DO MEIO AMBIENTE DE COD\u00d3 \u2013 MA",
        "datapublicacao": "14\/04\/2021",
        "url": "https:\/\/dom.codo.ma.gov.br\/uploads\/PDF\/2021\/04\/edital-comdema-n-604.pdf"
    },
    {
        "titulo": "COMUNICADO N\u00ba 002\/2021- SMCC ",
        "descricao": "Assunto: FERIADO MUNICIPAL",
        "datapublicacao": "09\/04\/2021",
        "url": "https:\/\/dom.codo.ma.gov.br\/uploads\/PDF\/2021\/04\/comunicado-n-002-2-598.pdf"
    },
    {
        "titulo": "Edital 038\/2021",
        "descricao": "SEMECTI",
        "datapublicacao": "22\/03\/2021",
        "url": "https:\/\/dom.codo.ma.gov.br\/uploads\/PDF\/2021\/03\/edital-038-2021-564.pdf"
    },
    {
        "titulo": "Edital de Licita\u00e7\u00e3o ",
        "descricao": "1149\/2021",
        "datapublicacao": "22\/03\/2021",
        "url": "https:\/\/dom.codo.ma.gov.br\/uploads\/PDF\/2021\/05\/edital-de-licitaca-653.pdf"
    },
    {
        "titulo": "Certid\u00e3o de uso e Ocupa\u00e7\u00f5 do Solo",
        "descricao": "Certid\u00e3o 01\/2021 Gilvan Mar\u00e7al Lopes",
        "datapublicacao": "11\/02\/2021",
        "url": "https:\/\/dom.codo.ma.gov.br\/uploads\/PDF\/2021\/02\/certidao-de-uso-e-o-531.pdf"
    },
    {
        "titulo": "PLANO MUNICIPAL DE IMUNIZA\u00c7\u00c3O CONTRA A COVID-19 DE",
        "descricao": " COD\u00d3-MA",
        "datapublicacao": "02\/02\/2021",
        "url": "https:\/\/dom.codo.ma.gov.br\/uploads\/PDF\/2021\/05\/plano-municipal-de-i-662.pdf"
    },
    {
        "titulo": "Rela\u00e7\u00e3o de Pessoas Vacinadas Covid-19",
        "descricao": "at\u00e9 01\/02\/2021",
        "datapublicacao": "01\/02\/2021",
        "url": "https:\/\/dom.codo.ma.gov.br\/uploads\/PDF\/2021\/02\/relacao-de-pessoas-500.pdf"
    },
    {
        "titulo": "Edital 01\/2021",
        "descricao": "SELE\u00c7\u00c3O SIMPLIFICADA DO CORPO DOCENTE DA ESCOLA C\u00cdVICO-MILITAR",
        "datapublicacao": "22\/01\/2021",
        "url": "https:\/\/dom.codo.ma.gov.br\/uploads\/PDF\/2021\/01\/edital-01-2021-473.pdf"
    },
    {
        "titulo": "CHAMADA P\u00daBLICA-PNAE 01.2021",
        "descricao": "Disp\u00f5e sobre aquisi\u00e7\u00e3o de g\u00eaneros da Alimenta\u00e7\u00e3o Escolar diretamente da Agricultura Familiar Rural  e d\u00e1 outras provid\u00eancias",
        "datapublicacao": "19\/01\/2021",
        "url": "https:\/\/dom.codo.ma.gov.br\/uploads\/PDF\/2021\/01\/chamada-publica-pna-469.pdf"
    },
    {
        "titulo": "Ata de Posse Quadri\u00eanio 2021\/2024 ",
        "descricao": "Ata da Sess\u00e3o Solene de Posse dos Vereadores, Prefeito e Vice-prefeito Municipal",
        "datapublicacao": "14\/01\/2021",
        "url": "https:\/\/dom.codo.ma.gov.br\/uploads\/PDF\/2021\/01\/ata-de-posse-quadri-463.pdf"
    },
    {
        "titulo": "Lei 1.889\/2021",
        "descricao": "Disp\u00f5e sobre a altera\u00e7\u00e3o e a cria\u00e7\u00e3o da estrutura dos \u00f3rg\u00e3os do poder Executivo do Municipio de Cod\u00f3, suas atribui\u00e7\u00f5es, dos cargos comissionados e suas respectivas renumera\u00e7\u00e3o, fixando princ\u00edpios e diretrizes de gest\u00e3o e d\u00e1 outras provid\u00eancias",
        "datapublicacao": "08\/01\/2021",
        "url": "https:\/\/dom.codo.ma.gov.br\/uploads\/PDF\/2021\/08\/lei-1-889-2021-796.pdf"
    },
    {
        "titulo": "Lei 1.889\/2021",
        "descricao": " Disp\u00f5e sobre a altera\u00e7\u00e3o e a cria\u00e7\u00e3o da estrutura dos \u00f3rg\u00e3os do poder Executivo do Municipio de Cod\u00f3, suas atribui\u00e7\u00f5es, dos cargos comissionados e suas respectivas renumera\u00e7\u00e3o, fixando princ\u00edpios e diretrizes de gest\u00e3o e d\u00e1 outras provid\u00eancias",
        "datapublicacao": "08\/01\/2021",
        "url": "https:\/\/dom.codo.ma.gov.br\/uploads\/PDF\/2021\/08\/lei-1-889-2021-797.pdf"
    },
    {
        "titulo": "Lei 1890\/2021",
        "descricao": "Disp\u00f5e sobre a altera\u00e7\u00e3o e a cria\u00e7\u00e3o da estrutura organizacional do SAAE, suas atribui\u00e7\u00f5es, dos cargos comissionados e respectivas renumera\u00e7\u00f5es, e d\u00e1 outras provid\u00eancias",
        "datapublicacao": "08\/01\/2021",
        "url": "https:\/\/dom.codo.ma.gov.br\/uploads\/PDF\/2021\/08\/lei-1890-2021-798.pdf"
    },
    {
        "titulo": "",
        "descricao": "Proposta Curricular da Rede Municipal de Ensino de Cod\u00f3",
        "datapublicacao": "30\/12\/2020",
        "url": "https:\/\/dom.codo.ma.gov.br\/uploads\/PDF\/2021\/01\/proposta-curricular-3.pdf"
    },
    {
        "titulo": "",
        "descricao": "Sorteados Liceu 6\u00baANO \u2013 Escola p\u00fablica, privada e PNE",
        "datapublicacao": "29\/12\/2020",
        "url": "https:\/\/dom.codo.ma.gov.br\/uploads\/PDF\/2021\/01\/sorteados-liceu-6-a-6.pdf"
    },
    {
        "titulo": "Rela\u00e7\u00e3o ",
        "descricao": "Sorteados Liceu, 7\u00baANO \u2013 Escola p\u00fablica, privada e PNE",
        "datapublicacao": "29\/12\/2020",
        "url": "https:\/\/dom.codo.ma.gov.br\/uploads\/PDF\/2021\/01\/sorteados-liceu-7-7.pdf"
    },
    {
        "titulo": "",
        "descricao": "Sorteados Liceu, 8\u00baANO \u2013 Escola p\u00fablica, privada e PNE",
        "datapublicacao": "29\/12\/2020",
        "url": "https:\/\/dom.codo.ma.gov.br\/uploads\/PDF\/2021\/01\/sorteados-liceu-8-8.pdf"
    },
    {
        "titulo": "Rela\u00e7\u00e3o de",
        "descricao": "Sorteados Liceu, 9\u00baANO \u2013 Escola p\u00fablica, privada e PNE",
        "datapublicacao": "29\/12\/2020",
        "url": "https:\/\/dom.codo.ma.gov.br\/uploads\/PDF\/2021\/01\/sorteados-liceu-9-9.pdf"
    },
    {
        "titulo": "",
        "descricao": "Liceu, Cadastro de reserva 6\u00ba ANO",
        "datapublicacao": "29\/12\/2020",
        "url": "https:\/\/dom.codo.ma.gov.br\/uploads\/PDF\/2021\/01\/liceu-cadastro-de-r-10.pdf"
    },
    {
        "titulo": "",
        "descricao": "Liceu, Cadastro de reserva 7\u00ba ANO",
        "datapublicacao": "29\/12\/2020",
        "url": "https:\/\/dom.codo.ma.gov.br\/uploads\/PDF\/2021\/01\/liceu-cadastro-de-r-11.pdf"
    },
    {
        "titulo": "",
        "descricao": "Liceu, Cadastro de reserva 8\u00ba ANO",
        "datapublicacao": "29\/12\/2020",
        "url": "https:\/\/dom.codo.ma.gov.br\/uploads\/PDF\/2021\/01\/liceu-cadastro-de-r-12.pdf"
    },
    {
        "titulo": "",
        "descricao": "Liceu, Cadastro de reserva 9\u00ba ANO",
        "datapublicacao": "29\/12\/2020",
        "url": "https:\/\/dom.codo.ma.gov.br\/uploads\/PDF\/2021\/01\/liceu-cadastro-de-r-13.pdf"
    },
    {
        "titulo": "",
        "descricao": "Edital08\/2020-GAB\/SEMECTI",
        "datapublicacao": "17\/12\/2020",
        "url": "https:\/\/dom.codo.ma.gov.br\/uploads\/PDF\/2021\/01\/edital08-2020-gab-se-4.pdf"
    },
    {
        "titulo": "Parecer Pr\u00e9vio",
        "descricao": "Presta\u00e7\u00e3o de Contas Anual de Governo 2018",
        "datapublicacao": "23\/11\/2020",
        "url": "https:\/\/dom.codo.ma.gov.br\/uploads\/PDF\/2022\/12\/parecer-previo-1429.pdf"
    },
    {
        "titulo": "Parecer Pr\u00e9vio ",
        "descricao": " Presta\u00e7\u00e3o de Contas Anual de Governo  2016",
        "datapublicacao": "21\/09\/2020",
        "url": "https:\/\/dom.codo.ma.gov.br\/uploads\/PDF\/2022\/12\/parecer-previo-1426.pdf"
    }
]